{"id":2073,"date":"2017-06-27T23:07:44","date_gmt":"2017-06-27T22:07:44","guid":{"rendered":"http:\/\/www.atelierlf.com\/?p=2073"},"modified":"2017-06-29T14:46:51","modified_gmt":"2017-06-29T13:46:51","slug":"atelier-artisanal-aurore-mazeres","status":"publish","type":"post","link":"https:\/\/www.atelierlf.com\/en\/atelier-artisanal-aurore-mazeres\/","title":{"rendered":"Atelier Artisanal Aurore Maz\u00e8res :"},"content":{"rendered":"<p class=\"qtranxs-available-languages-message qtranxs-available-languages-message-en\">Sorry, this entry is only available in <a href=\"https:\/\/www.atelierlf.com\/fr\/wp-json\/wp\/v2\/posts\/2073\" class=\"qtranxs-available-language-link qtranxs-available-language-link-fr\" title=\"Fran\u00e7ais\">Fran\u00e7ais<\/a>.<\/p><p><\/p>\n<h2>Atelier Artisanal Aurore Maz\u00e8res :<\/h2>\n<p>Rencontre d\u2019une jeune Artisane d\u2019art install\u00e9e sur St M\u00e9dard en Jalles . 6eme g\u00e9n\u00e9ration de tapissiers, Melle Maz\u00e8res met \u00e0 votre disposition son exp\u00e9rience et son savoir-faire d\u2019excellence pour contribuer \u00e0 la restauration et \u00e0 la conservation des mobiliers d\u2019art. Collaboratrice dans la cr\u00e9ation de mobilier, Melle Maz\u00e8res met en valeur les ouvrages par l\u2019application d\u2019une garniture traditionnelle et d\u2019\u00e9toffes de styles ou contemporaines.<\/p>\n<p><strong>Qu\u2019est-ce qu\u2019un tapissier d\u2019ameublement ?<\/strong> Aujourd\u2019hui, un tapissier d\u2019ameublement participe \u00e0 la d\u00e9coration d&#8217;int\u00e9rieur. Son domaine d\u2019intervention ne se limite pas \u00e0 l\u2019univers du si\u00e8ge bien \u00e9videmment. Il r\u00e9alise aussi voilages, rideaux, tentures murales, dessus-de-lit, housses et coussins. Il travaille sur tous les types de fauteuils et canap\u00e9s, de style ou contemporains, pour les garnir et les recouvrir de tissu ou de cuir.<\/p>\n<p>Quels sont les services propos\u00e9s par L\u2019Atelier Artisanal Aurore Maz\u00e8res ?<br \/>\nJe suis l\u00e0 pour guider votre choix d\u2019\u00e9toffe en fonction du d\u00e9cor et mobilier dans votre espace de vie. L\u2019atelier de tapisserie vous propose : garniture traditionnelle, crin et ressorts pour si\u00e8ges anciens, fauteuils capitonn\u00e9s, recouvrage de chaises et fauteuils, literie traditionnelle, confection de rideaux sur-mesure, dessus de lit fini \u00e0 la main, gainage d&#8217;armoire en tissu, gainage de malles, etc\u2026<\/p>\n<p>Pour voir tous nos services, rendez-vous sur le <a href=\"http:\/\/www.tapissier-apmazeres-bordeaux.fr\/tapissier-saint-medard-en-jalles\" target=\"_blank\">site internet<\/a><\/p>\n<figure id=\"attachment_2080\" aria-describedby=\"caption-attachment-2080\" style=\"width: 218px\" class=\"wp-caption aligncenter\"><img loading=\"lazy\" decoding=\"async\" class=\"wp-image-2080 size-medium\" src=\"http:\/\/www.atelierlf.com\/wp-content\/uploads\/2017\/06\/20170628_001641-218x300.jpg\" alt=\"\" width=\"218\" height=\"300\" srcset=\"https:\/\/www.atelierlf.com\/wp-content\/uploads\/2017\/06\/20170628_001641-218x300.jpg 218w, https:\/\/www.atelierlf.com\/wp-content\/uploads\/2017\/06\/20170628_001641-768x1055.jpg 768w, https:\/\/www.atelierlf.com\/wp-content\/uploads\/2017\/06\/20170628_001641-746x1024.jpg 746w, https:\/\/www.atelierlf.com\/wp-content\/uploads\/2017\/06\/20170628_001641-370x508.jpg 370w, https:\/\/www.atelierlf.com\/wp-content\/uploads\/2017\/06\/20170628_001641-1040x1428.jpg 1040w\" sizes=\"auto, (max-width: 218px) 100vw, 218px\" \/><figcaption id=\"caption-attachment-2080\" class=\"wp-caption-text\"><center>Melle Aurore Maz\u00e8res \/ Atelier Artisanal Aurore Maz\u00e8res<\/center><\/figcaption><\/figure>\n<h2>Le tapissier d\u2019ameublement\u2026un peu d\u2019histoire et d\u2019informations :<\/h2>\n<p>Au XIIIe si\u00e8cle, on distingue les tapissiers lissiers (fabricants de tapis et de tapisserie) des tapissiers en si\u00e8ges (ancien courtepointier). Souvent appel\u00e9s tapissiers d\u2019appartement ou garnisseurs de meubles afin de les distinguer des faiseurs de tapis et de tapisseries. Ils avaient le droit de porter l\u2019\u00e9p\u00e9e et prenaient le titre de valets de chambre tapissiers. Le tapissier d\u2019ameublement doit trouver l\u2019\u00e9quilibre entre les formes d\u2019un si\u00e8ge et la garniture qu\u2019il va apporter.<\/p>\n<p>Si Jean-Baptiste Poquelin, dit Moli\u00e8re, avait pr\u00e9f\u00e9r\u00e9 la s\u00e9curit\u00e9 \u00e0 la vie tr\u00e9pidante des tr\u00e9teaux, il aurait pu pers\u00e9v\u00e9rer dans la charge de tapissier et valet de chambre du Roi en 1637 que son p\u00e8re avait obtenu en survivance pour lui. Mais son choix fut tout autre. Pourtant, ce m\u00e9tier rec\u00e8le bien des richesses\u2026 N\u2019h\u00e9sitez pas \u00e0 rencontrer Melle Aurore Maz\u00e8res pour les d\u00e9couvrir !<\/p>\n<p>Pour la petite histoire de famille, son p\u00e8re \u00e9tait Ma\u00eetre Tapissier; Compagnon dit \u201cPoquelin le Gajacais\u201d, descendant des cinq g\u00e9n\u00e9rations avant lui de \u2018Tapiffiers de Roy\u201d.<\/p>","protected":false},"excerpt":{"rendered":"<p class=\"qtranxs-available-languages-message qtranxs-available-languages-message-en\">Sorry, this entry is only available in <a href=\"https:\/\/www.atelierlf.com\/fr\/wp-json\/wp\/v2\/posts\/2073\" class=\"qtranxs-available-language-link qtranxs-available-language-link-fr\" title=\"Fran\u00e7ais\">Fran\u00e7ais<\/a>.<\/p>\n<p>Rencontre d\u2019une jeune Artisane d\u2019art install\u00e9e sur St M\u00e9dard en Jalles . 6eme g\u00e9n\u00e9ration de tapissiers, Melle Maz\u00e8res met \u00e0 votre disposition son exp\u00e9rience et son savoir-faire d\u2019excellence pour contribuer \u00e0 la restauration et \u00e0 la conservation des mobiliers d\u2019art. <img loading=\"lazy\" decoding=\"async\" class=\"aligncenter size-medium wp-image-2075\" src=\"http:\/\/www.atelierlf.com\/wp-content\/uploads\/2017\/06\/20170621_113707-300x283.jpg\" alt=\"20170621_113707\" width=\"300\" height=\"283\" srcset=\"https:\/\/www.atelierlf.com\/wp-content\/uploads\/2017\/06\/20170621_113707-300x283.jpg 300w, https:\/\/www.atelierlf.com\/wp-content\/uploads\/2017\/06\/20170621_113707-768x726.jpg 768w, https:\/\/www.atelierlf.com\/wp-content\/uploads\/2017\/06\/20170621_113707-1024x967.jpg 1024w, https:\/\/www.atelierlf.com\/wp-content\/uploads\/2017\/06\/20170621_113707-370x350.jpg 370w, https:\/\/www.atelierlf.com\/wp-content\/uploads\/2017\/06\/20170621_113707-1040x983.jpg 1040w, https:\/\/www.atelierlf.com\/wp-content\/uploads\/2017\/06\/20170621_113707.jpg 1431w\" sizes=\"auto, (max-width: 300px) 100vw, 300px\" \/><\/p>\n","protected":false},"author":1,"featured_media":2080,"comment_status":"open","ping_status":"open","sticky":false,"template":"","format":"standard","meta":{"_coblocks_attr":"","_coblocks_dimensions":"","_coblocks_responsive_height":"","_coblocks_accordion_ie_support":"","footnotes":""},"categories":[1],"tags":[7,15,12,5],"class_list":["post-2073","post","type-post","status-publish","format-standard","has-post-thumbnail","hentry","category-rencontre","tag-creation","tag-metier-dart","tag-rehabilitation","tag-restauration"],"jetpack_featured_media_url":"https:\/\/www.atelierlf.com\/wp-content\/uploads\/2017\/06\/20170628_001641.jpg","_links":{"self":[{"href":"https:\/\/www.atelierlf.com\/en\/wp-json\/wp\/v2\/posts\/2073","targetHints":{"allow":["GET"]}}],"collection":[{"href":"https:\/\/www.atelierlf.com\/en\/wp-json\/wp\/v2\/posts"}],"about":[{"href":"https:\/\/www.atelierlf.com\/en\/wp-json\/wp\/v2\/types\/post"}],"author":[{"embeddable":true,"href":"https:\/\/www.atelierlf.com\/en\/wp-json\/wp\/v2\/users\/1"}],"replies":[{"embeddable":true,"href":"https:\/\/www.atelierlf.com\/en\/wp-json\/wp\/v2\/comments?post=2073"}],"version-history":[{"count":0,"href":"https:\/\/www.atelierlf.com\/en\/wp-json\/wp\/v2\/posts\/2073\/revisions"}],"wp:featuredmedia":[{"embeddable":true,"href":"https:\/\/www.atelierlf.com\/en\/wp-json\/wp\/v2\/media\/2080"}],"wp:attachment":[{"href":"https:\/\/www.atelierlf.com\/en\/wp-json\/wp\/v2\/media?parent=2073"}],"wp:term":[{"taxonomy":"category","embeddable":true,"href":"https:\/\/www.atelierlf.com\/en\/wp-json\/wp\/v2\/categories?post=2073"},{"taxonomy":"post_tag","embeddable":true,"href":"https:\/\/www.atelierlf.com\/en\/wp-json\/wp\/v2\/tags?post=2073"}],"curies":[{"name":"wp","href":"https:\/\/api.w.org\/{rel}","templated":true}]}}